[{"@context":"https:\/\/schema.org\/","@type":"Article","@id":"https:\/\/www.necteme.cz\/telesne-tresty-ano-ci-ne\/#Article","mainEntityOfPage":"https:\/\/www.necteme.cz\/telesne-tresty-ano-ci-ne\/","headline":"T\u011blesn\u00e9 tresty: ano \u010di ne?","name":"T\u011blesn\u00e9 tresty: ano \u010di ne?","description":"B\u00fdt rodi\u010dem nen\u00ed n\u011bkdy \u017e\u00e1dn\u00fd med. Pokud se sna\u017e\u00edte, aby z\u00a0va\u0161ich d\u011bt\u00ed vyrostly hodn\u00e9 a laskav\u00e9 lidsk\u00e9 bytosti, kter\u00e9 budou m\u00edt pozitivn\u00ed p\u0159\u00ednos cel\u00e9 spole\u010dnosti, z\u0159ejm\u011b \u010dasto p\u0159em\u00fd\u0161l\u00edte, jak\u00e9 v\u00fdchovn\u00e9 metody a prost\u0159edky pou\u017eijete, abyste tohoto c\u00edle dos\u00e1hli. \u010casto tak\u00e9 mus\u00edte \u0159e\u0161it r\u016fzn\u00e1 dilema a jedn\u00edm z\u00a0nich je i to, jestli sv\u00e9 d\u00edt\u011b n\u011bkdy za [&hellip;]","datePublished":"2019-03-21","dateModified":"2023-05-09","author":{"@type":"Person","@id":"https:\/\/www.necteme.cz\/author\/#Person","name":"","url":"https:\/\/www.necteme.cz\/author\/","identifier":1,"image":{"@type":"ImageObject","@id":"https:\/\/secure.gravatar.com\/avatar\/c36ac855b1ee9cce96e09824fb5426d6eaccd04233fbf51e04e067ccd1b5fe13?s=96&d=mm&r=g","url":"https:\/\/secure.gravatar.com\/avatar\/c36ac855b1ee9cce96e09824fb5426d6eaccd04233fbf51e04e067ccd1b5fe13?s=96&d=mm&r=g","height":96,"width":96}},"publisher":{"@type":"Organization","name":"necteme.cz","logo":{"@type":"ImageObject","@id":"\/logo.png","url":"\/logo.png","width":600,"height":60}},"image":{"@type":"ImageObject","@id":"https:\/\/www.necteme.cz\/wp-content\/uploads\/img_a340372_w2756_t1553274150.jpg","url":"https:\/\/www.necteme.cz\/wp-content\/uploads\/img_a340372_w2756_t1553274150.jpg","height":0,"width":0},"url":"https:\/\/www.necteme.cz\/telesne-tresty-ano-ci-ne\/","wordCount":467,"articleBody":"\tB\u00fdt rodi\u010dem nen\u00ed n\u011bkdy \u017e\u00e1dn\u00fd med. Pokud se sna\u017e\u00edte, aby z\u00a0va\u0161ich d\u011bt\u00ed vyrostly hodn\u00e9 a laskav\u00e9 lidsk\u00e9 bytosti, kter\u00e9 budou m\u00edt pozitivn\u00ed p\u0159\u00ednos cel\u00e9 spole\u010dnosti, z\u0159ejm\u011b \u010dasto p\u0159em\u00fd\u0161l\u00edte, jak\u00e9 v\u00fdchovn\u00e9 metody a prost\u0159edky pou\u017eijete, abyste tohoto c\u00edle dos\u00e1hli. \u010casto tak\u00e9 mus\u00edte \u0159e\u0161it r\u016fzn\u00e1 dilema a jedn\u00edm z\u00a0nich je i to, jestli sv\u00e9 d\u00edt\u011b n\u011bkdy za n\u011bjak\u00fd proh\u0159e\u0161ek fyzicky potrestat. Nebav\u00edme se tady te\u010f o \u017e\u00e1dn\u00e9m systematick\u00e9m fyzick\u00e9m t\u00fdr\u00e1n\u00ed \u010di fyzick\u00e9m poni\u017eov\u00e1n\u00ed typu kle\u010den\u00ed na hrachu v\u00a0kout\u011b, kter\u00e9 mimochodem NIKDY NE! Ale \u0159e\u010d je o ob\u010dasn\u00e9m pl\u00e1cnut\u00ed p\u0159es zadek, kdy u\u017e nezab\u00edr\u00e1 nic jin\u00e9ho a my nev\u00edme kudy kam. Pr\u00e1v\u011b te\u010f jsem v\u00e1m i napov\u011bd\u011bla, \u017ee fyzick\u00fd trest by m\u011bl b\u00fdt a\u017e naprosto krajn\u00edm \u0159e\u0161en\u00edm, jeho \u00fa\u010delem by nem\u011blo b\u00fdt to, aby zp\u016fsobilo d\u00edt\u011bti bolest, ale sp\u00ed\u0161e to, aby se jaksi \u201eprobralo\u201c z\u00a0t\u00e9 nevhodn\u00e9 \u010dinnosti, kterou pr\u00e1v\u011b vytv\u00e1\u0159\u00ed a nem\u011blo by.\tMnoho rodi\u010d\u016f p\u0159ed t\u00edm, ne\u017e si vlastn\u00ed d\u00edt\u011b po\u0159\u00edd\u00ed, zast\u00e1v\u00e1 postoj, \u017ee sv\u00e9 d\u00edt\u011b nikdy b\u00edt nebudou, tomuto postoji nelze nic vytknout, je i p\u0159es odpor star\u0161\u00edch generac\u00ed naprosto v\u00a0po\u0159\u00e1dku. Nebo\u0165 n\u00e1sil\u00ed v\u017edy plod\u00ed jen n\u00e1sil\u00ed, a a\u010dkoli v\u00e1m nejsp\u00ed\u0161 va\u0161e d\u00edt\u011b facku nevr\u00e1t\u00ed, uvid\u00ed to jako modelov\u00fd vzorec, kter\u00fd n\u00e1sledn\u011b m\u016f\u017ee aplikovat na slab\u0161\u00ed jedince, ne\u017e je on s\u00e1m. Proto by se vyu\u017e\u00edv\u00e1n\u00ed fyzick\u00fdch trest\u016f m\u011blo v\u017edy br\u00e1t jen jako krajn\u00ed \u0159e\u0161en\u00ed z\u00e1visej\u00edc\u00ed na povaze d\u00edt\u011bte. Pokud m\u00e1te v\u011bt\u0161inu \u010dasu doma hodn\u00e9 a klidn\u00e9 d\u00edt\u011b, sna\u017ete se t\u011bmto trest\u016fm vyvarovat \u00fapln\u011b.\tOv\u0161em pokud v\u00e1m bylo nad\u011bleno velmi \u017eiv\u00e9 d\u00edtko, kter\u00e9 neposed\u00ed, nepostoj\u00ed, nevn\u00edm\u00e1, je hlu\u010dn\u00e9 a m\u00e1 pot\u0159ebu demolovat, je jasn\u00e9, \u017ee va\u0161e nervy u\u017e budou za n\u011bjakou dobu zna\u010dn\u011b opot\u0159ebovan\u00e9 a ob\u010dasn\u00e9mu pl\u00e1cnut\u00ed se asi nevyhnete, nemus\u00edte si to vy\u010d\u00edtat ani to br\u00e1t jako va\u0161e selh\u00e1n\u00ed, i vy jste jenom lidsk\u00e9 bytosti se sv\u00fdmi slabostmi a je mo\u017en\u00e1 v\u00a0po\u0159\u00e1dku, \u017ee i d\u00edt\u011b uvid\u00ed, \u017ee jeho \u010diny vyvol\u00e1vaj\u00ed takovou reakci. Ale i p\u0159esto se sna\u017ete, aby takov\u00fdch situac\u00ed bylo co nejm\u00e9n\u011b, proto\u017ee po \u010dase by si na n\u011b d\u00edt\u011b mohlo zvyknout a naprosto ztrat\u00ed sv\u016fj v\u00fdznam.                                                                                                                                                                                                                                                                                                                                                                                        4\/5 - (6 votes)        "},{"@context":"https:\/\/schema.org\/","@type":"BreadcrumbList","itemListElement":[{"@type":"ListItem","position":1,"name":"T\u011blesn\u00e9 tresty: ano \u010di ne?","item":"https:\/\/www.necteme.cz\/telesne-tresty-ano-ci-ne\/#breadcrumbitem"}]}]