[{"@context":"https:\/\/schema.org\/","@type":"Blog","@id":"https:\/\/www.necteme.cz#Blog","headline":"Ne\u010dteme","description":"\nM\u011bli byste z\u00e1jem poznat n\u011bco, co se v\u00e1m doposud poznat nepoda\u0159ilo? V\u011b\u0159te n\u00e1m, \u017ee s na\u0161\u00edm webem k tomu m\u00e1te v\u00edce ne\u017e hromadu skv\u011bl\u00fdch p\u0159\u00edle\u017eitost\u00ed.","url":"https:\/\/www.necteme.cz","hasPart":[{"@type":"Article","@id":"https:\/\/www.necteme.cz\/poteseni-diky-kteremu-budete-mnohem-atraktivnejsi\/","headline":"Pot\u011b\u0161en\u00ed, d\u00edky kter\u00e9mu budete mnohem atraktivn\u011bj\u0161\u00ed","url":"https:\/\/www.necteme.cz\/poteseni-diky-kteremu-budete-mnohem-atraktivnejsi\/","datePublished":"2024-04-24","dateModified":"2024-04-24","mainEntityOfPage":"https:\/\/www.necteme.cz\/poteseni-diky-kteremu-budete-mnohem-atraktivnejsi\/","author":{"@type":"Person","@id":"https:\/\/www.necteme.cz\/author\/#Person","name":"","url":"https:\/\/www.necteme.cz\/author\/","identifier":1,"image":{"@type":"ImageObject","@id":"https:\/\/secure.gravatar.com\/avatar\/c36ac855b1ee9cce96e09824fb5426d6eaccd04233fbf51e04e067ccd1b5fe13?s=96&d=mm&r=g","url":"https:\/\/secure.gravatar.com\/avatar\/c36ac855b1ee9cce96e09824fb5426d6eaccd04233fbf51e04e067ccd1b5fe13?s=96&d=mm&r=g","height":96,"width":96}},"publisher":{"@type":"Organization","name":"necteme.cz","logo":{"@type":"ImageObject","@id":"\/logo.png","url":"\/logo.png","width":600,"height":60}},"image":null,"wordCount":288,"keywords":null},{"@type":"Article","@id":"https:\/\/www.necteme.cz\/to-nejkvalitnejsi-na-vas-stul\/","headline":"To nejkvalitn\u011bj\u0161\u00ed na v\u00e1\u0161 st\u016fl","url":"https:\/\/www.necteme.cz\/to-nejkvalitnejsi-na-vas-stul\/","datePublished":"2024-04-18","dateModified":"2024-04-18","mainEntityOfPage":"https:\/\/www.necteme.cz\/to-nejkvalitnejsi-na-vas-stul\/","author":{"@type":"Person","@id":"https:\/\/www.necteme.cz\/author\/#Person","name":"","url":"https:\/\/www.necteme.cz\/author\/","identifier":1,"image":{"@type":"ImageObject","@id":"https:\/\/secure.gravatar.com\/avatar\/c36ac855b1ee9cce96e09824fb5426d6eaccd04233fbf51e04e067ccd1b5fe13?s=96&d=mm&r=g","url":"https:\/\/secure.gravatar.com\/avatar\/c36ac855b1ee9cce96e09824fb5426d6eaccd04233fbf51e04e067ccd1b5fe13?s=96&d=mm&r=g","height":96,"width":96}},"publisher":{"@type":"Organization","name":"necteme.cz","logo":{"@type":"ImageObject","@id":"\/logo.png","url":"\/logo.png","width":600,"height":60}},"image":null,"wordCount":301,"keywords":null},{"@type":"Article","@id":"https:\/\/www.necteme.cz\/ty-nejlepsi-krytiny\/","headline":"Ty nejlep\u0161\u00ed krytiny","url":"https:\/\/www.necteme.cz\/ty-nejlepsi-krytiny\/","datePublished":"2024-04-08","dateModified":"2024-04-08","mainEntityOfPage":"https:\/\/www.necteme.cz\/ty-nejlepsi-krytiny\/","author":{"@type":"Person","@id":"https:\/\/www.necteme.cz\/author\/#Person","name":"","url":"https:\/\/www.necteme.cz\/author\/","identifier":1,"image":{"@type":"ImageObject","@id":"https:\/\/secure.gravatar.com\/avatar\/c36ac855b1ee9cce96e09824fb5426d6eaccd04233fbf51e04e067ccd1b5fe13?s=96&d=mm&r=g","url":"https:\/\/secure.gravatar.com\/avatar\/c36ac855b1ee9cce96e09824fb5426d6eaccd04233fbf51e04e067ccd1b5fe13?s=96&d=mm&r=g","height":96,"width":96}},"publisher":{"@type":"Organization","name":"necteme.cz","logo":{"@type":"ImageObject","@id":"\/logo.png","url":"\/logo.png","width":600,"height":60}},"image":null,"wordCount":266,"keywords":null},{"@type":"Article","@id":"https:\/\/www.necteme.cz\/postarame-se-o-zvyseni-vykonu-vaseho-motoservisu\/","headline":"Postar\u00e1me se o zv\u00fd\u0161en\u00ed v\u00fdkonu Va\u0161eho motoservisu","url":"https:\/\/www.necteme.cz\/postarame-se-o-zvyseni-vykonu-vaseho-motoservisu\/","datePublished":"2024-04-03","dateModified":"2024-04-03","mainEntityOfPage":"https:\/\/www.necteme.cz\/postarame-se-o-zvyseni-vykonu-vaseho-motoservisu\/","author":{"@type":"Person","@id":"https:\/\/www.necteme.cz\/author\/#Person","name":"","url":"https:\/\/www.necteme.cz\/author\/","identifier":1,"image":{"@type":"ImageObject","@id":"https:\/\/secure.gravatar.com\/avatar\/c36ac855b1ee9cce96e09824fb5426d6eaccd04233fbf51e04e067ccd1b5fe13?s=96&d=mm&r=g","url":"https:\/\/secure.gravatar.com\/avatar\/c36ac855b1ee9cce96e09824fb5426d6eaccd04233fbf51e04e067ccd1b5fe13?s=96&d=mm&r=g","height":96,"width":96}},"publisher":{"@type":"Organization","name":"necteme.cz","logo":{"@type":"ImageObject","@id":"\/logo.png","url":"\/logo.png","width":600,"height":60}},"image":null,"wordCount":240,"keywords":null},{"@type":"Article","@id":"https:\/\/www.necteme.cz\/alternativni-tisk-za-hubicku\/","headline":"Alternativn\u00ed tisk za hubi\u010dku","url":"https:\/\/www.necteme.cz\/alternativni-tisk-za-hubicku\/","datePublished":"2024-01-26","dateModified":"2024-01-26","mainEntityOfPage":"https:\/\/www.necteme.cz\/alternativni-tisk-za-hubicku\/","author":{"@type":"Person","@id":"https:\/\/www.necteme.cz\/author\/#Person","name":"","url":"https:\/\/www.necteme.cz\/author\/","identifier":1,"image":{"@type":"ImageObject","@id":"https:\/\/secure.gravatar.com\/avatar\/c36ac855b1ee9cce96e09824fb5426d6eaccd04233fbf51e04e067ccd1b5fe13?s=96&d=mm&r=g","url":"https:\/\/secure.gravatar.com\/avatar\/c36ac855b1ee9cce96e09824fb5426d6eaccd04233fbf51e04e067ccd1b5fe13?s=96&d=mm&r=g","height":96,"width":96}},"publisher":{"@type":"Organization","name":"necteme.cz","logo":{"@type":"ImageObject","@id":"\/logo.png","url":"\/logo.png","width":600,"height":60}},"image":null,"wordCount":263,"keywords":null},{"@type":"Article","@id":"https:\/\/www.necteme.cz\/jakemu-oploceni-na-ceskobudejovicku-dat-prednost\/","headline":"Jak\u00e9mu oplocen\u00ed na \u010ceskobud\u011bjovicku d\u00e1t p\u0159ednost","url":"https:\/\/www.necteme.cz\/jakemu-oploceni-na-ceskobudejovicku-dat-prednost\/","datePublished":"2024-01-12","dateModified":"2024-03-20","mainEntityOfPage":"https:\/\/www.necteme.cz\/jakemu-oploceni-na-ceskobudejovicku-dat-prednost\/","author":{"@type":"Person","@id":"https:\/\/www.necteme.cz\/author\/#Person","name":"","url":"https:\/\/www.necteme.cz\/author\/","identifier":1,"image":{"@type":"ImageObject","@id":"https:\/\/secure.gravatar.com\/avatar\/c36ac855b1ee9cce96e09824fb5426d6eaccd04233fbf51e04e067ccd1b5fe13?s=96&d=mm&r=g","url":"https:\/\/secure.gravatar.com\/avatar\/c36ac855b1ee9cce96e09824fb5426d6eaccd04233fbf51e04e067ccd1b5fe13?s=96&d=mm&r=g","height":96,"width":96}},"publisher":{"@type":"Organization","name":"necteme.cz","logo":{"@type":"ImageObject","@id":"\/logo.png","url":"\/logo.png","width":600,"height":60}},"image":{"@type":"ImageObject","@id":"https:\/\/www.necteme.cz\/wp-content\/uploads\/ivy-1679733_640_5.jpg","url":"https:\/\/www.necteme.cz\/wp-content\/uploads\/ivy-1679733_640_5.jpg","height":0,"width":0},"wordCount":507,"keywords":null},{"@type":"Article","@id":"https:\/\/www.necteme.cz\/poridte-si-povleceni-z-materialu-ktery-patri-k-nejzadanejsim\/","headline":"Po\u0159i\u010fte si povle\u010den\u00ed z materi\u00e1lu, kter\u00fd pat\u0159\u00ed k nej\u017e\u00e1dan\u011bj\u0161\u00edm","url":"https:\/\/www.necteme.cz\/poridte-si-povleceni-z-materialu-ktery-patri-k-nejzadanejsim\/","datePublished":"2023-12-17","dateModified":"2023-12-17","mainEntityOfPage":"https:\/\/www.necteme.cz\/poridte-si-povleceni-z-materialu-ktery-patri-k-nejzadanejsim\/","author":{"@type":"Person","@id":"https:\/\/www.necteme.cz\/author\/#Person","name":"","url":"https:\/\/www.necteme.cz\/author\/","identifier":1,"image":{"@type":"ImageObject","@id":"https:\/\/secure.gravatar.com\/avatar\/c36ac855b1ee9cce96e09824fb5426d6eaccd04233fbf51e04e067ccd1b5fe13?s=96&d=mm&r=g","url":"https:\/\/secure.gravatar.com\/avatar\/c36ac855b1ee9cce96e09824fb5426d6eaccd04233fbf51e04e067ccd1b5fe13?s=96&d=mm&r=g","height":96,"width":96}},"publisher":{"@type":"Organization","name":"necteme.cz","logo":{"@type":"ImageObject","@id":"\/logo.png","url":"\/logo.png","width":600,"height":60}},"image":null,"wordCount":279,"keywords":null},{"@type":"Article","@id":"https:\/\/www.necteme.cz\/i-maly-sklenik-postaci\/","headline":"I mal\u00fd sklen\u00edk posta\u010d\u00ed","url":"https:\/\/www.necteme.cz\/i-maly-sklenik-postaci\/","datePublished":"2023-12-03","dateModified":"2023-12-03","mainEntityOfPage":"https:\/\/www.necteme.cz\/i-maly-sklenik-postaci\/","author":{"@type":"Person","@id":"https:\/\/www.necteme.cz\/author\/#Person","name":"","url":"https:\/\/www.necteme.cz\/author\/","identifier":1,"image":{"@type":"ImageObject","@id":"https:\/\/secure.gravatar.com\/avatar\/c36ac855b1ee9cce96e09824fb5426d6eaccd04233fbf51e04e067ccd1b5fe13?s=96&d=mm&r=g","url":"https:\/\/secure.gravatar.com\/avatar\/c36ac855b1ee9cce96e09824fb5426d6eaccd04233fbf51e04e067ccd1b5fe13?s=96&d=mm&r=g","height":96,"width":96}},"publisher":{"@type":"Organization","name":"necteme.cz","logo":{"@type":"ImageObject","@id":"\/logo.png","url":"\/logo.png","width":600,"height":60}},"image":{"@type":"ImageObject","@id":"https:\/\/www.necteme.cz\/wp-content\/uploads\/skleneny_sklenik_BU3DVC.jpg","url":"https:\/\/www.necteme.cz\/wp-content\/uploads\/skleneny_sklenik_BU3DVC.jpg","height":0,"width":0},"wordCount":510,"keywords":null},{"@type":"Article","@id":"https:\/\/www.necteme.cz\/asertivita-nema-nic-spolecneho-s-agresivitou\/","headline":"Asertivita nem\u00e1 nic spole\u010dn\u00e9ho s agresivitou","url":"https:\/\/www.necteme.cz\/asertivita-nema-nic-spolecneho-s-agresivitou\/","datePublished":"2023-11-08","dateModified":"2023-11-08","mainEntityOfPage":"https:\/\/www.necteme.cz\/asertivita-nema-nic-spolecneho-s-agresivitou\/","author":{"@type":"Person","@id":"https:\/\/www.necteme.cz\/author\/#Person","name":"","url":"https:\/\/www.necteme.cz\/author\/","identifier":1,"image":{"@type":"ImageObject","@id":"https:\/\/secure.gravatar.com\/avatar\/c36ac855b1ee9cce96e09824fb5426d6eaccd04233fbf51e04e067ccd1b5fe13?s=96&d=mm&r=g","url":"https:\/\/secure.gravatar.com\/avatar\/c36ac855b1ee9cce96e09824fb5426d6eaccd04233fbf51e04e067ccd1b5fe13?s=96&d=mm&r=g","height":96,"width":96}},"publisher":{"@type":"Organization","name":"necteme.cz","logo":{"@type":"ImageObject","@id":"\/logo.png","url":"\/logo.png","width":600,"height":60}},"image":null,"wordCount":294,"keywords":null},{"@type":"Article","@id":"https:\/\/www.necteme.cz\/luxusni-lednice-hotpoint-ariston-nemusi-byt-bila\/","headline":"Luxusn\u00ed lednice hotpoint ariston nemus\u00ed b\u00fdt b\u00edl\u00e1","url":"https:\/\/www.necteme.cz\/luxusni-lednice-hotpoint-ariston-nemusi-byt-bila\/","datePublished":"2023-10-01","dateModified":"2023-10-01","mainEntityOfPage":"https:\/\/www.necteme.cz\/luxusni-lednice-hotpoint-ariston-nemusi-byt-bila\/","author":{"@type":"Person","@id":"https:\/\/www.necteme.cz\/author\/#Person","name":"","url":"https:\/\/www.necteme.cz\/author\/","identifier":1,"image":{"@type":"ImageObject","@id":"https:\/\/secure.gravatar.com\/avatar\/c36ac855b1ee9cce96e09824fb5426d6eaccd04233fbf51e04e067ccd1b5fe13?s=96&d=mm&r=g","url":"https:\/\/secure.gravatar.com\/avatar\/c36ac855b1ee9cce96e09824fb5426d6eaccd04233fbf51e04e067ccd1b5fe13?s=96&d=mm&r=g","height":96,"width":96}},"publisher":{"@type":"Organization","name":"necteme.cz","logo":{"@type":"ImageObject","@id":"\/logo.png","url":"\/logo.png","width":600,"height":60}},"image":null,"wordCount":256,"keywords":null}]},{"@context":"https:\/\/schema.org","@type":"WebSite","@id":"https:\/\/www.necteme.cz\/#website","name":"Ne\u010dteme","url":"https:\/\/www.necteme.cz","potentialAction":{"@type":"SearchAction","target":"https:\/\/www.necteme.cz\/?s={search_term_string}","query-input":"required name=search_term_string"}}]