[{"@context":"https:\/\/schema.org\/","@type":"Article","@id":"https:\/\/www.necteme.cz\/omezte-prasnost-domacnosti-na-minimum\/#Article","mainEntityOfPage":"https:\/\/www.necteme.cz\/omezte-prasnost-domacnosti-na-minimum\/","headline":"Omezte pra\u0161nost dom\u00e1cnosti na minimum","name":"Omezte pra\u0161nost dom\u00e1cnosti na minimum","description":"Existuje na trhu nespo\u010det p\u0159\u00edpravk\u016f, kter\u00e9 maj\u00ed zp\u016fsobit, \u017ee prach nebude na n\u00e1bytku ulp\u00edvat, ov\u0161em vyhnout se pra\u0161nosti nelze zcela. Nevzhledn\u00fd \u0161ed\u00fd popra\u0161ek nejen \u017ee nevypad\u00e1 hezky nav\u00edc udr\u017eov\u00e1n\u00edm prachu v\u00a0dom\u00e1cnosti d\u00e1v\u00e1me prostor pro mno\u017een\u00ed rozto\u010d\u016f a podporujeme nezdrav\u00e9 prost\u0159ed\u00ed. Su\u0161i\u010dka, ide\u00e1ln\u00ed \u0159e\u0161en\u00ed Pra\u0161nosti nelze zcela zabr\u00e1nit, ov\u0161em jde ji v\u00fdrazn\u011b omezit. Su\u0161i\u010dka pr\u00e1dla nejen [&hellip;]","datePublished":"2023-05-09","dateModified":"2023-05-09","author":{"@type":"Person","@id":"https:\/\/www.necteme.cz\/author\/#Person","name":"","url":"https:\/\/www.necteme.cz\/author\/","identifier":1,"image":{"@type":"ImageObject","@id":"https:\/\/secure.gravatar.com\/avatar\/c36ac855b1ee9cce96e09824fb5426d6eaccd04233fbf51e04e067ccd1b5fe13?s=96&d=mm&r=g","url":"https:\/\/secure.gravatar.com\/avatar\/c36ac855b1ee9cce96e09824fb5426d6eaccd04233fbf51e04e067ccd1b5fe13?s=96&d=mm&r=g","height":96,"width":96}},"publisher":{"@type":"Organization","name":"necteme.cz","logo":{"@type":"ImageObject","@id":"\/logo.png","url":"\/logo.png","width":600,"height":60}},"image":{"@type":"ImageObject","@id":"https:\/\/www.necteme.cz\/wp-content\/uploads\/img_a331544_w2719_t1544041124.jpg","url":"https:\/\/www.necteme.cz\/wp-content\/uploads\/img_a331544_w2719_t1544041124.jpg","height":0,"width":0},"url":"https:\/\/www.necteme.cz\/omezte-prasnost-domacnosti-na-minimum\/","wordCount":440,"articleBody":"Existuje na trhu nespo\u010det p\u0159\u00edpravk\u016f, kter\u00e9 maj\u00ed zp\u016fsobit, \u017ee prach nebude na n\u00e1bytku ulp\u00edvat, ov\u0161em vyhnout se pra\u0161nosti nelze zcela. Nevzhledn\u00fd \u0161ed\u00fd popra\u0161ek nejen \u017ee nevypad\u00e1 hezky nav\u00edc udr\u017eov\u00e1n\u00edm prachu v\u00a0dom\u00e1cnosti d\u00e1v\u00e1me prostor pro mno\u017een\u00ed rozto\u010d\u016f a podporujeme nezdrav\u00e9 prost\u0159ed\u00ed.\tSu\u0161i\u010dka, ide\u00e1ln\u00ed \u0159e\u0161en\u00edPra\u0161nosti nelze zcela zabr\u00e1nit, ov\u0161em jde ji v\u00fdrazn\u011b omezit. Su\u0161i\u010dka pr\u00e1dla nejen \u017ee pr\u00e1dlo vysu\u0161\u00ed a u\u0161et\u0159\u00edme si tak \u010das s\u00a0v\u011b\u0161en\u00edm pr\u00e1dla, ale p\u0159edev\u0161\u00edm zachyt\u00ed ve filtru textiln\u00ed prach, kter\u00fd pokud nepou\u017e\u00edv\u00e1te su\u0161i\u010dku, jist\u011b d\u016fv\u011brn\u011b zn\u00e1te p\u0159i t\u0159ep\u00e1n\u00ed pr\u00e1v\u011b dosu\u0161en\u00e9ho pr\u00e1dla.\tLapa\u010de prachu, pry\u010d z\u00a0domuLapa\u010dem prachu naz\u00fdv\u00e1me v\u0161echny drobnosti, kter\u00e9 si vystavujeme na poli\u010dk\u00e1ch. Zachyt\u00e1 se na nich prach. \u00daklid chceme-li aby byl kvalitn\u00ed, znamen\u00e1 \u017ee mus\u00edme v\u0161echny tyto drobnosti ot\u0159\u00edt, co\u017e n\u00e1m zabere v\u00a0z\u00e1vislosti na mno\u017estv\u00ed t\u011bchto v\u011bci\u010dek mnoho \u010dasu. Dekorace do bytu bychom tedy m\u011bli po\u0159izovat s\u00a0rozmyslem a kdy\u017e tak vyu\u017e\u00edt rad\u011bji zasklen\u00e9 vitr\u00edny k\u00a0jejich vystaven\u00ed.Nen\u00ed od v\u011bci p\u0159ipomenout z\u00e1sadu, \u017ee p\u0159i \u00faklidu ut\u00edr\u00e1me prach m\u00edrn\u011b namo\u010den\u00fdm had\u0159\u00edkem a postupujeme od shora dol\u016f, tedy od horn\u00edch polic k\u00a0t\u011bm spodn\u00edm. Pokud nebudeme pravideln\u011b ukl\u00edzet na horn\u00edch polic\u00edch v\u00a0kuchyni prach, setk\u00e1me se s\u00a0mastn\u00fdm prachem, na kter\u00fd je pouze vlhk\u00fd had\u0159\u00edk kr\u00e1tk\u00fd. V\u00a0tomto p\u0159\u00edpad\u011b mus\u00edme pou\u017e\u00edt n\u011bjak\u00fd odma\u0161\u0165ova\u010d, \u010d\u00edm\u017e m\u016f\u017ee b\u00fdt nap\u0159\u00edklad p\u0159\u00edpravek na n\u00e1dob\u00ed, pomoc\u00ed kter\u00e9ho usazen\u00e9 ne\u010distoty snadno odstran\u00edme. Ide\u00e1ln\u00edm \u0159e\u0161en\u00edm, jak se zbavit prachu \u017ee ho budeme ka\u017ed\u00fd den odstra\u0148ovat, prach rozhodn\u011b nevypad\u00e1 hezky a m\u016f\u017ee p\u0159edstavovat zna\u010dn\u00fd probl\u00e9m pro alergiky. Vhodn\u00e9 je tak\u00e9 nap\u0159\u00edklad po ka\u017ed\u00e9m ut\u00edr\u00e1n\u00ed prachu nebo vys\u00e1v\u00e1n\u00ed d\u016fkladn\u011b vyv\u011btrat abychom vym\u011bnili vzduch v\u00a0m\u00edstnosti a p\u0159\u00edpadn\u00e9 zbytky prachu m\u011bli mo\u017enost vyl\u00e9tnout ven. Skv\u011bl\u00e9 jsou rovn\u011b\u017e \u010disti\u010dky vzduchu, kter\u00fd maj\u00ed v\u00a0sob\u011b zabudovan\u00fd prachov\u00fd filtr. Funguj\u00ed tak \u017ee k\u00a0sob\u011b p\u0159itahuj\u00ed \u010d\u00e1ste\u010dky prachu. Filtr pak sta\u010d\u00ed jen ot\u0159\u00edt vlhk\u00fdm had\u0159\u00edkem a vysu\u0161it, a op\u011bt m\u016f\u017eete \u010disti\u010dku pou\u017e\u00edvat.                                                                                                                                                                                                                                                                                                                                                                                        4.6\/5 - (10 votes)        "},{"@context":"https:\/\/schema.org\/","@type":"BreadcrumbList","itemListElement":[{"@type":"ListItem","position":1,"name":"Omezte pra\u0161nost dom\u00e1cnosti na minimum","item":"https:\/\/www.necteme.cz\/omezte-prasnost-domacnosti-na-minimum\/#breadcrumbitem"}]}]