[{"@context":"https:\/\/schema.org\/","@type":"Article","@id":"https:\/\/www.necteme.cz\/nezapomente-na-pouzdro\/#Article","mainEntityOfPage":"https:\/\/www.necteme.cz\/nezapomente-na-pouzdro\/","headline":"Nezapome\u0148te na pouzdro","name":"Nezapome\u0148te na pouzdro","description":"V dne\u0161n\u00ed dob\u011b m\u00e1 mobiln\u00ed telefon opravdu ka\u017ed\u00fd a nez\u00e1le\u017e\u00ed v\u016fbec na tom, jestli m\u00e1te star\u00fd mobiln\u00ed telefon nebo kr\u00e1sn\u00fd drah\u00fd kvalitn\u00ed mobiln\u00ed telefon. Podle m\u00e9ho n\u00e1zoru by na ka\u017ed\u00fd mobiln\u00ed telefon m\u011blo b\u00fdt n\u011bjak\u00e9 pouzdro nebo n\u011bjak\u00fd obal. J\u00e1 si mysl\u00edm, \u017ee kdy\u017e si po\u0159\u00edd\u00edte pouzdro na mobiln\u00ed telefon, tak ud\u011bl\u00e1te dob\u0159e. A pokud [&hellip;]","datePublished":"2025-07-24","dateModified":"2025-07-24","author":{"@type":"Person","@id":"https:\/\/www.necteme.cz\/author\/#Person","name":"","url":"https:\/\/www.necteme.cz\/author\/","identifier":1,"image":{"@type":"ImageObject","@id":"https:\/\/secure.gravatar.com\/avatar\/c36ac855b1ee9cce96e09824fb5426d6eaccd04233fbf51e04e067ccd1b5fe13?s=96&d=mm&r=g","url":"https:\/\/secure.gravatar.com\/avatar\/c36ac855b1ee9cce96e09824fb5426d6eaccd04233fbf51e04e067ccd1b5fe13?s=96&d=mm&r=g","height":96,"width":96}},"publisher":{"@type":"Organization","name":"necteme.cz","logo":{"@type":"ImageObject","@id":"\/logo.png","url":"\/logo.png","width":600,"height":60}},"image":{"@type":"ImageObject","@id":"https:\/\/www.necteme.cz\/wp-content\/uploads\/office-620817_640_10_2.jpg","url":"https:\/\/www.necteme.cz\/wp-content\/uploads\/office-620817_640_10_2.jpg","height":0,"width":0},"url":"https:\/\/www.necteme.cz\/nezapomente-na-pouzdro\/","about":["V\u00fdrobky"],"wordCount":443,"articleBody":"        V dne\u0161n\u00ed dob\u011b m\u00e1 mobiln\u00ed telefon opravdu ka\u017ed\u00fd a nez\u00e1le\u017e\u00ed v\u016fbec na tom, jestli m\u00e1te star\u00fd mobiln\u00ed telefon nebo kr\u00e1sn\u00fd drah\u00fd kvalitn\u00ed mobiln\u00ed telefon. Podle m\u00e9ho n\u00e1zoru by na ka\u017ed\u00fd mobiln\u00ed telefon m\u011blo b\u00fdt n\u011bjak\u00e9 pouzdro nebo n\u011bjak\u00fd obal. J\u00e1 si mysl\u00edm, \u017ee kdy\u017e si po\u0159\u00edd\u00edte pouzdro na mobiln\u00ed telefon, tak ud\u011bl\u00e1te dob\u0159e. A pokud m\u00e1te nap\u0159\u00edklad i dra\u017e\u0161\u00ed, kvalitn\u011bj\u0161\u00ed mobiln\u00ed telefon, jako je iPhone 11 pro, tak bych doporu\u010dovala opravdu dvojn\u00e1sobn\u011b m\u00edt n\u011bjak\u00e9 pouzdro. Pouzdro na iPhone 11 pro je opravdu kr\u00e1sn\u00e9 a m\u016f\u017eete ho m\u00edt tak\u00e9 z r\u016fzn\u00e9ho materi\u00e1lu, a proto\u017ee d\u00e1v\u00e1m p\u0159ednost kvalitn\u00edm, a hlavn\u011b p\u0159\u00edrodn\u00edm materi\u00e1l\u016fm, tak bych si pouzdro na iPhone 11 pro po\u0159\u00eddila pr\u00e1v\u011b v ko\u017een\u00e9m obalu. A takov\u00fd kvalitn\u00ed ko\u017een\u00fd materi\u00e1l m\u00e1m r\u00e1da. L\u00edb\u00ed se mi to. A tak\u00e9 bych si to po\u0159\u00eddila ihned v n\u011bkolika barv\u00e1ch. A proto\u017ee m\u00e1m r\u00e1da r\u016f\u017eovou a sv\u011btlou barvu, jako nap\u0159\u00edklad b\u00edlou nebo b\u00e9\u017eovou, tak bych si pouzdra na iPhone 11 pro po\u0159\u00eddila v takov\u00fdch barv\u00e1ch. Moc se mi to l\u00edb\u00ed. Jednou u\u017e jsem m\u011bla takov\u00fd star\u0161\u00ed mobiln\u00ed telefon a po\u0159\u00eddila jsem si plastov\u00e9 \u00fapln\u011b sv\u00edtiv\u011b r\u016f\u017eov\u00e9 pouzdro na mobiln\u00ed telefon. Byla jsem z toho opravdu nad\u0161en\u00e1, ale samoz\u0159ejm\u011b, \u017ee potom to pouzdro spadlo a prasklo. Na\u0161t\u011bst\u00ed mi to ale mobiln\u00ed telefon zachr\u00e1nilo, tak\u017ee tady jde vid\u011bt, \u017ee kdy\u017e m\u00e1te pouzdro na mobiln\u00ed telefon, a\u0165 u\u017e na star\u00fd mobiln\u00ed telefon nebo na iPhone 11 pro, tak v\u00e1m to v\u017edycky mobiln\u00ed telefon kr\u00e1sn\u011b ochr\u00e1n\u00ed. Samoz\u0159ejm\u011b, \u017ee kdy\u017e budete m\u00edt tak\u00e9 o\u0161et\u0159en\u00e9 skl\u00ed\u010dko n\u011bjak\u00fdm pevn\u00fdm kvalitn\u00edm obalem, tak samoz\u0159ejm\u011b, \u017ee ani skl\u00ed\u010dko na mobiln\u00edm telefonu se v\u00e1m neporu\u0161\u00ed. J\u00e1 nap\u0159\u00edklad m\u00e1m tak\u00e9 iPhone 11 pro a m\u00e1m tam nalepenou folii, tak\u017ee se nemus\u00edm b\u00e1t, \u017ee se mi n\u011bjak\u00e9 skl\u00ed\u010dko v mobiln\u00edm telefonu po\u0161kr\u00e1be, v\u017edycky tam m\u00e1m n\u011bjakou ochranu a mysl\u00edm si, \u017ee by to m\u011bl m\u00edt opravdu ka\u017ed\u00fd \u010dlov\u011bk. A pokud v\u00e1s zaj\u00edm\u00e1 cena pouzder na iPhone 11 pro, tak cena je opravdu variabiln\u00ed. Je to opravdu r\u016fzn\u00e9, a hlavn\u011b z\u00e1le\u017e\u00ed na tom, z jak\u00e9ho je to materi\u00e1lu.                                                                                                                                                                                                                                                                                                                                                                                           4.1\/5 - (7 votes)        "},{"@context":"https:\/\/schema.org\/","@type":"BreadcrumbList","itemListElement":[{"@type":"ListItem","position":1,"name":"Nezapome\u0148te na pouzdro","item":"https:\/\/www.necteme.cz\/nezapomente-na-pouzdro\/#breadcrumbitem"}]}]