[{"@context":"https:\/\/schema.org\/","@type":"Article","@id":"https:\/\/www.necteme.cz\/levaci-jsou-mezi-pravaky-znevyhodneni-blyska-se-alespon-na-lepsi-casy\/#Article","mainEntityOfPage":"https:\/\/www.necteme.cz\/levaci-jsou-mezi-pravaky-znevyhodneni-blyska-se-alespon-na-lepsi-casy\/","headline":"Lev\u00e1ci jsou mezi prav\u00e1ky znev\u00fdhodn\u011bni. Bl\u00fdsk\u00e1 se alespo\u0148 na lep\u0161\u00ed \u010dasy?","name":"Lev\u00e1ci jsou mezi prav\u00e1ky znev\u00fdhodn\u011bni. Bl\u00fdsk\u00e1 se alespo\u0148 na lep\u0161\u00ed \u010dasy?","description":"\u017de je prav\u00e1k\u016f v\u011bt\u0161ina, nen\u00ed zas a\u017e tak docela pravda. Po\u010det lev\u00e1k\u016f toti\u017e v\u00fdznamn\u011b roste a souvis\u00ed to pr\u00e1v\u011b s\u00a0mno\u017estv\u00edm d\u011bt\u00ed \u2013 lev\u00e1k\u016f, kter\u00fdm je dnes ponech\u00e1na svobodn\u00e1 volba vyu\u017e\u00edvat levou ruku jako tu \u201e\u0161ikovn\u011bj\u0161\u00ed\u201c.\u00a0 D\u0159\u00edve se lid\u00e9 domn\u00edvali, \u017ee pokud je d\u00edt\u011b lev\u00e1k, bude handicapovan\u00e9, a je t\u0159eba jej n\u00e1siln\u011b p\u0159e\u0161kolit na prav\u00e1ka. Je\u0161t\u011b [&hellip;]","datePublished":"2025-11-26","dateModified":"2025-11-26","author":{"@type":"Person","@id":"https:\/\/www.necteme.cz\/author\/#Person","name":"","url":"https:\/\/www.necteme.cz\/author\/","identifier":1,"image":{"@type":"ImageObject","@id":"https:\/\/secure.gravatar.com\/avatar\/c36ac855b1ee9cce96e09824fb5426d6eaccd04233fbf51e04e067ccd1b5fe13?s=96&d=mm&r=g","url":"https:\/\/secure.gravatar.com\/avatar\/c36ac855b1ee9cce96e09824fb5426d6eaccd04233fbf51e04e067ccd1b5fe13?s=96&d=mm&r=g","height":96,"width":96}},"publisher":{"@type":"Organization","name":"necteme.cz","logo":{"@type":"ImageObject","@id":"\/logo.png","url":"\/logo.png","width":600,"height":60}},"image":{"@type":"ImageObject","@id":"https:\/\/www.necteme.cz\/wp-content\/uploads\/img_a312482_w2567_t1523390149.jpg","url":"https:\/\/www.necteme.cz\/wp-content\/uploads\/img_a312482_w2567_t1523390149.jpg","height":0,"width":0},"url":"https:\/\/www.necteme.cz\/levaci-jsou-mezi-pravaky-znevyhodneni-blyska-se-alespon-na-lepsi-casy\/","wordCount":424,"articleBody":"\u017de je prav\u00e1k\u016f v\u011bt\u0161ina, nen\u00ed zas a\u017e tak docela pravda. Po\u010det lev\u00e1k\u016f toti\u017e v\u00fdznamn\u011b roste a souvis\u00ed to pr\u00e1v\u011b s\u00a0mno\u017estv\u00edm d\u011bt\u00ed \u2013 lev\u00e1k\u016f, kter\u00fdm je dnes ponech\u00e1na svobodn\u00e1 volba vyu\u017e\u00edvat levou ruku jako tu \u201e\u0161ikovn\u011bj\u0161\u00ed\u201c.\u00a0 D\u0159\u00edve se lid\u00e9 domn\u00edvali, \u017ee pokud je d\u00edt\u011b lev\u00e1k, bude handicapovan\u00e9, a je t\u0159eba jej n\u00e1siln\u011b p\u0159e\u0161kolit na prav\u00e1ka. Je\u0161t\u011b v\u00a080. letech minul\u00e9ho stolet\u00ed se v\u011bt\u0161ina lev\u00e1k\u016f skute\u010dn\u011b p\u0159e\u0161kolovala, bylo to v\u00edce ne\u017e 40 procent mal\u00fdch d\u011bt\u00ed &#8211; lev\u00e1k\u016f. Dnes je situace jin\u00e1. Po\u010det p\u0159e\u0161kolovan\u00fdch d\u011bt\u00ed \u2013 lev\u00e1k\u016f kles\u00e1 a odborn\u00edci odhaduj\u00ed, \u017ee za t\u0159icet let bude po\u010det lev\u00e1k\u016f a prav\u00e1k\u016f zhruba pades\u00e1t na pades\u00e1t.\tLev\u00e1k, nebo prav\u00e1k, nen\u00ed to jedno? Nen\u00ed!Ka\u017ed\u00fd zam\u011bstnanec, kter\u00fd je lev\u00e1k, se dost\u00e1v\u00e1 na pracovi\u0161ti do situac\u00ed, kdy mus\u00ed \u010delit bu\u010f nep\u0159\u00edjemn\u00fdm, anebo p\u0159inejmen\u0161\u00edm komick\u00fdm situac\u00edm. P\u0159esto, \u017ee je po\u010det lev\u00e1k\u016f nezanedbateln\u00fd, st\u00e1le se vyr\u00e1b\u00ed pom\u011brn\u011b mal\u00e9 mno\u017estv\u00ed n\u00e1\u0159ad\u00ed a pracovn\u00edch pom\u016fcek pro lev\u00e1ky. S\u00a0t\u011bmito pot\u00ed\u017eemi se pot\u00fdkaj\u00ed lid\u00e9 v\u00a0kancel\u00e1\u0159\u00edch, kdy mus\u00ed pou\u017e\u00edvat nap\u0159. n\u016f\u017eky pro prav\u00e1ky, \u0159eza\u010dky pap\u00edru a plast\u016f, no\u017ee, apod.\u00a0 Probl\u00e9my mohou m\u00edt i lid\u00e9 v\u00a0technologick\u00fdch manu\u00e1ln\u00edch provozech p\u0159i ovl\u00e1d\u00e1n\u00ed stroj\u016f a za\u0159\u00edzen\u00ed. Mus\u00ed pou\u017e\u00edvat ru\u010dn\u00ed nebo strojn\u00ed kotou\u010dov\u00e9 pily, \u00fahlov\u00e9 brusky a dal\u0161\u00ed speci\u00e1ln\u00ed n\u00e1\u0159ad\u00ed, kter\u00e9 vyv\u00edj\u00ed prav\u00e1ci &#8211; a samoz\u0159ejm\u011b \u2013 pro prav\u00e1ky.\tLegislativa zat\u00edm vztah zam\u011bstnavatele a zam\u011bstnance lev\u00e1ka neupravuje\u00daskal\u00ed tak\u00e9 spo\u010d\u00edv\u00e1 v\u00a0tom, \u017ee si v\u011bt\u0161ina lev\u00e1k\u016f p\u0159i hled\u00e1n\u00ed zam\u011bstn\u00e1n\u00ed mysl\u00ed, \u017ee zajistit vhodn\u00e9 pracovn\u00ed prost\u0159edky pro lev\u00e1ky je pro zam\u011bstnavatele povinnost\u00ed. To je omyl, zam\u011bstnavatel zajist\u00ed zam\u011bstnanci pot\u0159ebn\u00e9 prost\u0159edky obecn\u011b, ale nikde nen\u00ed ps\u00e1no, \u017ee jsou ur\u010deny prav\u00e1k\u016fm nebo lev\u00e1k\u016fm. P\u0159itom lev\u00e1k m\u016f\u017ee b\u00fdt \u0161ikovn\u00fd a zdatn\u00fd zam\u011bstnanec, \u017e\u00e1dn\u00fd lempl, svou pr\u00e1ci odvede mnohdy l\u00e9pe, ne\u017e ledabyl\u00fd prav\u00e1k, p\u0159esto jeho v\u00fdkon nebude odpov\u00eddat tomu, co by dok\u00e1zal p\u0159edv\u00e9st s\u00a0vhodn\u00fdm n\u00e1\u0159ad\u00edm.                                                                                                                                                                                                                                                                                                                                                                                        4\/5 - (3 votes)        "},{"@context":"https:\/\/schema.org\/","@type":"BreadcrumbList","itemListElement":[{"@type":"ListItem","position":1,"name":"Lev\u00e1ci jsou mezi prav\u00e1ky znev\u00fdhodn\u011bni. Bl\u00fdsk\u00e1 se alespo\u0148 na lep\u0161\u00ed \u010dasy?","item":"https:\/\/www.necteme.cz\/levaci-jsou-mezi-pravaky-znevyhodneni-blyska-se-alespon-na-lepsi-casy\/#breadcrumbitem"}]}]