[{"@context":"https:\/\/schema.org\/","@type":"Article","@id":"https:\/\/www.necteme.cz\/kriticke-mysleni-je-zakladni-pomuckou-pri-hledani-pravdy\/#Article","mainEntityOfPage":"https:\/\/www.necteme.cz\/kriticke-mysleni-je-zakladni-pomuckou-pri-hledani-pravdy\/","headline":"Kritick\u00e9 my\u0161len\u00ed je z\u00e1kladn\u00ed pom\u016fckou p\u0159i hled\u00e1n\u00ed pravdy","name":"Kritick\u00e9 my\u0161len\u00ed je z\u00e1kladn\u00ed pom\u016fckou p\u0159i hled\u00e1n\u00ed pravdy","description":"P\u0159e\u010detli jste si to na internetu, tak to p\u0159ece mus\u00ed b\u00fdt pravda, nebo ne? Psali to ve zpr\u00e1v\u00e1ch, p\u0159\u00edpadn\u011b jste to i vid\u011bli v&nbsp;televizi, tak o tom u\u017e nelze pochybovat! A nav\u00edc, t\u0159eba o tom mluvil n\u00e1\u0161 premi\u00e9r anebo prezident, tak to mus\u00ed b\u00fdt ta nej\u010dist\u0161\u00ed pravda! Nebo je to snad v\u0161echno jinak? Ur\u010dit\u011b u\u017e [&hellip;]","datePublished":"2020-09-25","dateModified":"2023-05-09","author":{"@type":"Person","@id":"https:\/\/www.necteme.cz\/author\/#Person","name":"","url":"https:\/\/www.necteme.cz\/author\/","identifier":1,"image":{"@type":"ImageObject","@id":"https:\/\/secure.gravatar.com\/avatar\/c36ac855b1ee9cce96e09824fb5426d6eaccd04233fbf51e04e067ccd1b5fe13?s=96&d=mm&r=g","url":"https:\/\/secure.gravatar.com\/avatar\/c36ac855b1ee9cce96e09824fb5426d6eaccd04233fbf51e04e067ccd1b5fe13?s=96&d=mm&r=g","height":96,"width":96}},"publisher":{"@type":"Organization","name":"necteme.cz","logo":{"@type":"ImageObject","@id":"\/logo.png","url":"\/logo.png","width":600,"height":60}},"image":{"@type":"ImageObject","@id":"https:\/\/www.necteme.cz\/wp-content\/uploads\/img_a327127_w2234_t1539421336.jpg","url":"https:\/\/www.necteme.cz\/wp-content\/uploads\/img_a327127_w2234_t1539421336.jpg","height":0,"width":0},"url":"https:\/\/www.necteme.cz\/kriticke-mysleni-je-zakladni-pomuckou-pri-hledani-pravdy\/","about":["Online"],"wordCount":434,"articleBody":"P\u0159e\u010detli jste si to na internetu, tak to p\u0159ece mus\u00ed b\u00fdt pravda, nebo ne? Psali to ve zpr\u00e1v\u00e1ch, p\u0159\u00edpadn\u011b jste to i vid\u011bli v&nbsp;televizi, tak o tom u\u017e nelze pochybovat! A nav\u00edc, t\u0159eba o tom mluvil n\u00e1\u0161 premi\u00e9r anebo prezident, tak to mus\u00ed b\u00fdt ta nej\u010dist\u0161\u00ed pravda! Nebo je to snad v\u0161echno jinak?Ur\u010dit\u011b u\u017e jste se s&nbsp;podobnou argumentac\u00ed tak\u00e9 n\u011bkdy setkali. Prost\u011b jste s&nbsp;n\u011bk\u00fdm n\u011bco diskutovali a on v\u00e1m argumentoval zdrojem sv\u00fdch informac\u00ed, kter\u00e9 poch\u00e1zely n\u011bkde z&nbsp;internetu, ze zpravodajsk\u00e9ho serveru anebo z&nbsp;\u00fast politik\u016f. Vy jste v\u011bd\u011bli, \u017ee dan\u00e1 informace je le\u017e, druh\u00e1 osoba byla p\u0159esv\u011bd\u010dena o opaku. Jak ov\u0161em tomu druh\u00e9mu vysv\u011btlit, \u017ee v\u0161echno, co poch\u00e1z\u00ed z&nbsp;podobn\u00fdch zdroj\u016f, nemus\u00ed b\u00fdt zdaleka pravdiv\u00e9?S&nbsp;podobnou argumentac\u00ed se dnes zhusta setk\u00e1te p\u0159edev\u0161\u00edm u star\u0161\u00edch lid\u00ed. Jedn\u00e1 se o generaci, kterou internet zas\u00e1hl jako blesk z&nbsp;\u010dist\u00e9ho nebe ve velice pozdn\u00edm v\u011bku, generaci, kter\u00e1 byla je\u0161t\u011b zvykl\u00e1 na to, \u017ee to, co se \u0159ekne, plat\u00ed. P\u0159edev\u0161\u00edm star\u0161\u00ed lid\u00e9 (stejn\u011b tak jako d\u011bti) po\u010d\u00edtaj\u00ed s&nbsp;t\u00edm, \u017ee norm\u00e1ln\u00ed je mluvit pravdu a nelhat. T\u00edm sp\u00ed\u0161e, pokud se jedn\u00e1 o \u00fastavn\u00ed \u010dinitele.Jen\u017ee ono je to dnes na sv\u011bt\u011b tak trochu jinak, norm\u00e1ln\u00ed toti\u017e je, si z\u00edskan\u00e9 informace ov\u011b\u0159ovat, a p\u0159edev\u0161\u00edm kriticky myslet.Pokud jde konkr\u00e9tn\u011b o internet, tak to je sv\u011bt bez hranic. Najdete zde celou \u0159adu vylo\u017een\u011b l\u017eiv\u00fdch webov\u00fdch str\u00e1nek a zpravodajsk\u00fdch server\u016f, stejn\u011b tak jako celou \u0159adu t\u011bch, kter\u00e9 v\u00e1m pomohou z\u00edskan\u00e9 informace ov\u011b\u0159it, a to i v&nbsp;p\u0159\u00edpad\u011b, \u017ee se jedn\u00e1 o v\u00fdroky politik\u016f.Probl\u00e9m ov\u0161em je, jak se v&nbsp;takov\u00e9m sv\u011bt\u011b a t\u00e9 nep\u0159ebern\u00e9 zm\u011bti informac\u00ed orientovat. A tady jsme op\u011bt zp\u00e1tky u kritick\u00e9ho my\u0161len\u00ed. Tomu by se proto m\u011bli lid\u00e9 nau\u010dit co nejd\u0159\u00edve, ide\u00e1ln\u011b ji\u017e na z\u00e1kladn\u00ed \u0161kole, kde je podobn\u00fd p\u0159edm\u011bt pot\u0159ebn\u00fd jako s\u016fl. \u010c\u00edm v\u00edce \u017eijeme online, t\u00edm v\u00edce kritick\u00e9 my\u0161len\u00ed pot\u0159ebujeme, proto\u017ee tomu, co se p\u00ed\u0161e n\u011bkde na internetu anebo to \u0159\u00edkaj\u00ed politici, se jen tak v\u011b\u0159it ned\u00e1.                                                                                                                                                                                                                                                                                                                                                                                        4.1\/5 - (13 votes)        "},{"@context":"https:\/\/schema.org\/","@type":"BreadcrumbList","itemListElement":[{"@type":"ListItem","position":1,"name":"Kritick\u00e9 my\u0161len\u00ed je z\u00e1kladn\u00ed pom\u016fckou p\u0159i hled\u00e1n\u00ed pravdy","item":"https:\/\/www.necteme.cz\/kriticke-mysleni-je-zakladni-pomuckou-pri-hledani-pravdy\/#breadcrumbitem"}]}]