[{"@context":"https:\/\/schema.org\/","@type":"Article","@id":"https:\/\/www.necteme.cz\/co-se-bude-nosit-letos\/#Article","mainEntityOfPage":"https:\/\/www.necteme.cz\/co-se-bude-nosit-letos\/","headline":"Co se bude nosit letos","name":"Co se bude nosit letos","description":"L\u00e9to u\u017e je nen\u00e1vratn\u011b pry\u010d a podzim klepe na dve\u0159e. Brzy za\u010dne sez\u00f3na ples\u016f, na kterou se t\u011b\u0161\u00ed zejm\u00e9na ty d\u00e1my, kter\u00e9 se nechaj\u00ed un\u00e1\u0161et kr\u00e1snou hudbou a mohou v\u00ed\u0159it v kole. K tomu neodmysliteln\u011b pat\u0159\u00ed stylov\u00e1 r\u00f3ba a k n\u00ed vhodn\u00e1 kabelka. Ale kterou si vybrat? V\u011bt\u0161ina z n\u00e1s jich m\u00e1 ve sk\u0159\u00edni hned [&hellip;]","datePublished":"2018-01-15","dateModified":"2023-05-09","author":{"@type":"Person","@id":"https:\/\/www.necteme.cz\/author\/#Person","name":"","url":"https:\/\/www.necteme.cz\/author\/","identifier":1,"image":{"@type":"ImageObject","@id":"https:\/\/secure.gravatar.com\/avatar\/c36ac855b1ee9cce96e09824fb5426d6eaccd04233fbf51e04e067ccd1b5fe13?s=96&d=mm&r=g","url":"https:\/\/secure.gravatar.com\/avatar\/c36ac855b1ee9cce96e09824fb5426d6eaccd04233fbf51e04e067ccd1b5fe13?s=96&d=mm&r=g","height":96,"width":96}},"publisher":{"@type":"Organization","name":"necteme.cz","logo":{"@type":"ImageObject","@id":"\/logo.png","url":"\/logo.png","width":600,"height":60}},"image":{"@type":"ImageObject","@id":"https:\/\/www.necteme.cz\/wp-content\/uploads\/img_a310216_w2158_t1521116153.jpg","url":"https:\/\/www.necteme.cz\/wp-content\/uploads\/img_a310216_w2158_t1521116153.jpg","height":0,"width":0},"url":"https:\/\/www.necteme.cz\/co-se-bude-nosit-letos\/","about":["Cestov\u00e1n\u00ed"],"wordCount":466,"articleBody":"  L\u00e9to u\u017e je nen\u00e1vratn\u011b pry\u010d a podzim klepe na dve\u0159e. Brzy za\u010dne sez\u00f3na ples\u016f, na kterou se t\u011b\u0161\u00ed zejm\u00e9na ty d\u00e1my, kter\u00e9 se nechaj\u00ed un\u00e1\u0161et kr\u00e1snou hudbou a mohou v\u00ed\u0159it v kole. K tomu neodmysliteln\u011b pat\u0159\u00ed stylov\u00e1 r\u00f3ba a k n\u00ed vhodn\u00e1 kabelka. Ale kterou si vybrat? V\u011bt\u0161ina z n\u00e1s jich m\u00e1 ve sk\u0159\u00edni hned n\u011bkolik. Ur\u010dit\u011b by n\u00e1m nem\u011bly ale chyb\u011bt kabelky psan\u00ed\u010dka do ruky, kter\u00e9 p\u0159ivedou cel\u00fd n\u00e1\u0161 model k naprost\u00e9 dokonalosti. N\u011bkter\u00e9 \u017eeny na n\u011b nad\u00e1vaj\u00ed, proto\u017ee jim p\u0159ipadaj\u00ed nepraktick\u00e9. Zato jin\u00e9 na n\u011b nedaj\u00ed dopustit. V kabelk\u00e1ch si toti\u017e v\u011bt\u0161inou nos\u00edme svoji malou kancel\u00e1\u0159, bez kter\u00e9 se prost\u011b neobejdeme. Je jako na\u0161e prav\u00e1 ruka.Jsou jako skryt\u00e1 \u00fato\u010di\u0161t\u011b pl\u00e1nov\u00e1n\u00ed na\u0161eho pracovn\u00edho i voln\u00e9ho \u010dasu. Nesm\u00ed chyb\u011bt ani cestovn\u00ed kosmetick\u00e1 ta\u0161ti\u010dka, proto\u017ee b\u011bhem dne se prost\u011b pot\u0159ebujeme upravit.N\u011bkter\u00e9 \u017eeny tu nos\u00ed i sv\u016fj milovan\u00fd parf\u00e9m nebo vodu pro osv\u011b\u017een\u00ed. S trochou nads\u00e1zky se d\u00e1 \u0159\u00edct, \u017ee bychom do n\u00ed dok\u00e1zaly dostat i n\u00e1\u0161 cvi\u010debn\u00ed \u00fabor na hodinu j\u00f3gy. Ob\u010das se ale vyplat\u00ed vym\u011bnit ji za psan\u00ed\u010dko, kam se n\u00e1m vejde opravdu jen to nejnutn\u011bj\u0161\u00ed a m\u016f\u017eeme vyrazit nap\u0159\u00edklad na koncert v\u00e1\u017en\u00e9 hudby.Ve stylu pin up Pokud pat\u0159\u00edte mezi milovnice let \u0161edes\u00e1t\u00fdch, kter\u00e9 byly pln\u00e9 elegance a \u017eeny vystupovaly jako d\u00e1my, m\u016f\u017eete se k nim ihned vr\u00e1tit. Jsou toti\u017e st\u00e1le IN. Tuto dobu budete skv\u011ble reprezentovat v \u00fazce st\u0159i\u017een\u00e9 sukni a do \u0161pi\u010dky navr\u017een\u00e9m topu s prou\u017eky. Na va\u0161e no\u017eky obujte ikonick\u00e9 lodi\u010dky s ma\u0161l\u00ed. K tomu nezapome\u0148te na v\u00fdrazn\u00e9 \u010dern\u00e9 linky a \u010derven\u00fd lak na nehty. Vsa\u010fte na \u010dern\u00e9 psan\u00ed\u010dko, kter\u00e9 dod\u00e1 va\u0161emu modelu na dramati\u010dnosti. Takto m\u016f\u017eete vyrazit na pracovn\u00ed sch\u016fzku nebo t\u0159eba k\u00e1vu s va\u0161\u00ed p\u0159\u00edtelkyn\u00ed.Pro romantick\u00e9 du\u0161e B\u00edl\u00e1 barva a krajka. Touto kombinac\u00ed nem\u016f\u017eete opravdu nic zkazit. Nav\u00edc budete vypadat naprosto skv\u011ble. Pr\u00e1v\u011b d\u00edv\u010d\u00ed vzhled prost\u011b z m\u00f3dy nikdy nevyjde. M\u016f\u017eete se stylizovat tak\u00e9 do etnick\u00e9 indi\u00e1nky, d\u00edky t\u011bm spr\u00e1vn\u00fdm dopl\u0148k\u016fm a l\u00ed\u010den\u00ed. Modern\u00ed Pocahontas, kter\u00e1 okouzl\u00ed ka\u017ed\u00e9ho mlad\u00e9ho gentlemana. Jak vid\u00edte, bez klasick\u00e9 mini kabelky se prost\u011b neobejdete. Proto se vypravte na n\u00e1kupy u\u017e dnes, aby kone\u010dn\u011b takov\u00e1 \u0161ik v\u011bci\u010dka m\u011bla m\u00edsto i ve va\u0161em \u0161atn\u00edku.                                                                                                                                                                                                                                                                                                                                                                                         4\/5 - (14 votes)        "},{"@context":"https:\/\/schema.org\/","@type":"BreadcrumbList","itemListElement":[{"@type":"ListItem","position":1,"name":"Co se bude nosit letos","item":"https:\/\/www.necteme.cz\/co-se-bude-nosit-letos\/#breadcrumbitem"}]}]